{"id":1254,"date":"2025-02-21T08:55:34","date_gmt":"2025-02-21T08:55:34","guid":{"rendered":"https:\/\/www.euro-tv.ro\/austria\/?p=1254"},"modified":"2025-02-21T08:55:34","modified_gmt":"2025-02-21T08:55:34","slug":"james-david-vance-vizeprasident-der-vereinigten-staaten-verbrechen-live-aus-dem-offiziellen-amtssitz","status":"publish","type":"post","link":"https:\/\/www.euro-tv.ro\/austria\/james-david-vance-vizeprasident-der-vereinigten-staaten-verbrechen-live-aus-dem-offiziellen-amtssitz\/","title":{"rendered":"James David Vance, Vizepr\u00e4sident der Vereinigten Staaten \u2013 Verbrechen live aus dem offiziellen Amtssitz"},"content":{"rendered":"<p data-start=\"170\" data-end=\"796\">James David Vance (<em data-start=\"189\" data-end=\"213\">Fotoquelle: Profimedia<\/em>) hat durch offizielle Erkl\u00e4rungen im Namen der Vereinigten Staaten bewiesen, dass er ein unehrlicher Politiker ist, der \u00f6ffentliche Desinformationen \u00fcber Rum\u00e4nien verbreitet hat. Obwohl die erste Runde der Wahlen in Rum\u00e4nien vom Verfassungsgericht aufgrund finanzieller Transaktionen der russischen Regierung zugunsten von C\u0103lin Georgescu annulliert wurde \u2013 ein ausl\u00e4ndischer Eingriff, der nach rum\u00e4nischem Recht verboten ist \u2013, hat das neue pro-russische Team im Wei\u00dfen Haus den Respekt vor dem Gesetz aufgegeben und ihn durch die \u201eKunst des Verhandelns\u201c mit Kriminellen ersetzt.<\/p>\n<p data-start=\"798\" data-end=\"1068\">So wird ein Kriegsverbrecher wie Wladimir Putin (<em data-start=\"847\" data-end=\"920\">gegen den ein Haftbefehl des Internationalen Strafgerichtshofs vorliegt<\/em>) zu einem geeigneten Verhandlungspartner f\u00fcr den Verbrecher James David Vance, der inzwischen Vizepr\u00e4sident der Vereinigten Staaten geworden ist.<\/p>\n<h3 data-start=\"1070\" data-end=\"1108\"><strong data-start=\"1074\" data-end=\"1106\">Was hat Vance konkret getan?<\/strong><\/h3>\n<p data-start=\"1110\" data-end=\"1383\">Zun\u00e4chst hat er in einer offiziellen Erkl\u00e4rung der USA \u00f6ffentlich gelogen, indem er f\u00e4lschlicherweise behauptete, die rum\u00e4nische Regierung habe die Wahlen annulliert. In Wirklichkeit war es nicht die Regierung, sondern das Verfassungsgericht, das diese Entscheidung traf.<\/p>\n<p data-start=\"1385\" data-end=\"1822\">Dann log er erneut in der \u00d6ffentlichkeit \u2013 und nicht nur eine einfache L\u00fcge, sondern die bewusste Verbreitung falscher Nachrichten und Urkundenf\u00e4lschung \u2013, indem er behauptete, die Wahlen seien annulliert worden, weil das Ergebnis unerw\u00fcnscht gewesen sei. Doch das war nicht der Grund. Tats\u00e4chlich ging es um ausl\u00e4ndische Finanzierungen und die Tatsache, dass Georgescu die Herkunft seiner Wahlkampffinanzierung nicht deklariert hatte.<\/p>\n<h3 data-start=\"1824\" data-end=\"1861\"><strong data-start=\"1828\" data-end=\"1859\">Was wollen Trump und Vance?<\/strong><\/h3>\n<p data-start=\"1863\" data-end=\"2217\">Trump (<em data-start=\"1870\" data-end=\"1973\">der erste US-Pr\u00e4sident, der von einem Gericht der Begehung von Straftaten f\u00fcr schuldig befunden wurde<\/em>) und Vance wollen Rum\u00e4nien aus der NATO entfernen \u2013 jedoch auf eine Weise, die es so aussehen l\u00e4sst, als h\u00e4tte das Land diese Entscheidung selbst getroffen, durch eine eigene Wahl. Dabei setzen sie auf einen russischen Handlanger: Georgescu.<\/p>\n<p data-start=\"2219\" data-end=\"2508\">Auf diese Weise k\u00f6nnten sie die Spannungen mit Russland beenden, und Rum\u00e4nien w\u00fcrde wieder so werden, wie es vor 1989 war. Dies war in Wirklichkeit Trumps sogenannter \u201eFriedensplan\u201c. Doch das EU-Recht und die verfassungsm\u00e4\u00dfige Ordnung Rum\u00e4niens haben dieses schmutzige Spiel durchkreuzt.<\/p>\n<p data-start=\"2510\" data-end=\"2831\">Die neue Clique, die unter der christlichen Flagge eine regelrechte Hetzjagd gegen die LGBTQI+-Gemeinschaft gestartet hat, hat nichts mit echtem Christentum zu tun \u2013 das wahre Christentum bedeutet Respekt f\u00fcr die Rechte anderer, Respekt f\u00fcr alle Menschen, zivilen Respekt und Akzeptanz anderer sexueller Orientierungen.<\/p>\n<h3 data-start=\"2833\" data-end=\"2880\"><strong data-start=\"2837\" data-end=\"2878\">Welche Verbrechen hat Vance begangen?<\/strong><\/h3>\n<p data-start=\"2882\" data-end=\"3065\">Vances Handlungen stellen schwere Straftaten dar \u2013 sowohl in Rum\u00e4nien als auch in den Vereinigten Staaten. Je nach den konkreten Umst\u00e4nden k\u00f6nnten sie unter folgende Delikte fallen:<\/p>\n<ul data-start=\"3067\" data-end=\"3773\">\n<li data-start=\"3067\" data-end=\"3383\">\n<p data-start=\"3069\" data-end=\"3383\"><strong data-start=\"3069\" data-end=\"3116\">Untergrabung der verfassungsm\u00e4\u00dfigen Ordnung<\/strong> \u2013 Auch wenn die USA kein genau entsprechendes Delikt kennen, existieren Gesetze, die Versuche bestrafen, die US-Regierung oder die verfassungsm\u00e4\u00dfige Ordnung eines anderen Staates durch US-Beamte zu st\u00fcrzen (<em data-start=\"3324\" data-end=\"3379\">18 U.S.C. \u00a7 2385 &#8211; Advocating overthrow of Government<\/em>).<\/p>\n<\/li>\n<li data-start=\"3385\" data-end=\"3620\">\n<p data-start=\"3387\" data-end=\"3620\"><strong data-start=\"3387\" data-end=\"3413\">Behinderung der Justiz<\/strong> \u2013 Es gibt mehrere Gesetze, die es verbieten, das Justizsystem zu beeinflussen, einzusch\u00fcchtern oder zu korrumpieren \u2013 auch au\u00dferhalb der USA, wenn der T\u00e4ter ein US-B\u00fcrger ist (<em data-start=\"3590\" data-end=\"3616\">18 U.S.C. \u00a7 1503, \u00a7 1512<\/em>).<\/p>\n<\/li>\n<li data-start=\"3622\" data-end=\"3773\">\n<p data-start=\"3624\" data-end=\"3773\"><strong data-start=\"3624\" data-end=\"3679\">Unterst\u00fctzung von Terrorismus und Kriegsverbrechern<\/strong> \u2013 Der <em data-start=\"3686\" data-end=\"3699\">Patriot Act<\/em> und <em data-start=\"3704\" data-end=\"3725\">18 U.S.C. \u00a7 2339A-B<\/em> verbieten die Unterst\u00fctzung solcher Personen.<\/p>\n<\/li>\n<\/ul>\n<h3 data-start=\"3775\" data-end=\"3825\"><strong data-start=\"3779\" data-end=\"3823\">Elon Musk \u2013 Trumps und Vances Handlanger<\/strong><\/h3>\n<p data-start=\"3827\" data-end=\"4212\">Elon Musk hat Russland Zugang zu seinem Starlink-Satellitennetz gew\u00e4hrt, sodass gelenkte Bomben und Shahed-Drohnen pr\u00e4zise ukrainisches Gebiet treffen k\u00f6nnen. F\u00fcr sie ist alles nur ein Gesch\u00e4ft. Doch aus rechtlicher Sicht hat die Trump-Vance-Musk-Triade schwere Verbrechen des Hochverrats an den Vereinigten Staaten begangen \u2013 Straftaten, die nach Bundesrecht streng bestraft werden.<\/p>\n<h3 data-start=\"4214\" data-end=\"4267\"><strong data-start=\"4218\" data-end=\"4265\">Eine neue Serie investigativen Journalismus<\/strong><\/h3>\n<p data-start=\"4269\" data-end=\"4769\">Wir starten eine Serie investigativer Berichte, die das kriminelle Netzwerk unter der F\u00fchrung von Vance aufdecken wird \u2013 ein Netzwerk, das zumindest diejenigen nachdenklich machen sollte, die diese Idioten blindlings an die Spitze der Vereinigten Staaten gew\u00e4hlt haben. (<em data-start=\"4540\" data-end=\"4765\">Da wir hier von Meinungsfreiheit sprechen: Unsere Redaktionsmeinung ist, dass diese drei m\u00e4chtigen M\u00e4nner dieser Welt schlichtweg Idioten sind, die gerichtliche Entscheidungen und verfassungsrechtliche Grunds\u00e4tze ignorieren<\/em>).<\/p>\n<p data-start=\"4771\" data-end=\"4807\"><strong data-start=\"4771\" data-end=\"4805\">Explosive Enth\u00fcllungen folgen.<\/strong><\/p>\n<p data-start=\"4809\" data-end=\"5097\">Jeder, der unsere journalistische Untersuchung unterst\u00fctzen m\u00f6chte, kann dies durch eine Spende \u00fcber <strong data-start=\"4910\" data-end=\"4920\">PayPal<\/strong> tun. Dies wird eine anspruchsvolle Recherche erfordern \u2013 mit hohem Aufwand, Zeit und gr\u00fcndlicher Untersuchung. Deshalb sind wir auch auf finanzielle Unterst\u00fctzung angewiesen.<\/p>\n<p data-start=\"5099\" data-end=\"5153\"><strong data-start=\"5099\" data-end=\"5151\">Mihai Vidjean &amp; Marius Leontiuc \u2013 Senior Editors<\/strong><\/p>\n","protected":false},"excerpt":{"rendered":"<p>James David Vance (Fotoquelle: Profimedia) hat durch offizielle Erkl\u00e4rungen im Namen der Vereinigten Staaten bewiesen, dass er ein unehrlicher Politiker ist, der \u00f6ffentliche Desinformationen \u00fcber Rum\u00e4nien verbreitet hat. Obwohl die erste Runde der Wahlen in Rum\u00e4nien vom Verfassungsgericht aufgrund finanzieller Transaktionen der russischen Regierung zugunsten von C\u0103lin Georgescu annulliert wurde \u2013 ein ausl\u00e4ndischer Eingriff, der<a class=\"read-more\" href=\"https:\/\/www.euro-tv.ro\/austria\/james-david-vance-vizeprasident-der-vereinigten-staaten-verbrechen-live-aus-dem-offiziellen-amtssitz\/\"> [&hellip;]<\/a><\/p>\n","protected":false},"author":1,"featured_media":1255,"comment_status":"open","ping_status":"open","sticky":false,"template":"","format":"standard","meta":{"_bbp_topic_count":0,"_bbp_reply_count":0,"_bbp_total_topic_count":0,"_bbp_total_reply_count":0,"_bbp_voice_count":0,"_bbp_anonymous_reply_count":0,"_bbp_topic_count_hidden":0,"_bbp_reply_count_hidden":0,"_bbp_forum_subforum_count":0,"jetpack_post_was_ever_published":false,"footnotes":""},"categories":[1],"tags":[2025,784,38,2020,750,682,39,2019,490,1456,2023,4,2021,2024,2022,1314],"class_list":["post-1254","post","type-post","status-publish","format-standard","has-post-thumbnail","hentry","category-newsnetwork","tag-amtssitz","tag-aus","tag-auto","tag-david","tag-dem","tag-der","tag-draft","tag-james","tag-live","tag-offiziellen","tag-staaten","tag-usersbook","tag-vance","tag-verbrechen","tag-vereinigten","tag-vizeprasident"],"yoast_head":"<!-- This site is optimized with the Yoast SEO plugin v24.1 - https:\/\/yoast.com\/wordpress\/plugins\/seo\/ -->\n<title>James David Vance, Vizepr\u00e4sident der Vereinigten Staaten \u2013 Verbrechen live aus dem offiziellen Amtssitz - Euro TV Austria<\/title>\n<meta name=\"robots\" content=\"index, follow, max-snippet:-1, max-image-preview:large, max-video-preview:-1\" \/>\n<link rel=\"canonical\" href=\"https:\/\/www.euro-tv.ro\/austria\/james-david-vance-vizeprasident-der-vereinigten-staaten-verbrechen-live-aus-dem-offiziellen-amtssitz\/\" \/>\n<meta property=\"og:locale\" content=\"en_US\" \/>\n<meta property=\"og:type\" content=\"article\" \/>\n<meta property=\"og:title\" content=\"James David Vance, Vizepr\u00e4sident der Vereinigten Staaten \u2013 Verbrechen live aus dem offiziellen Amtssitz - Euro TV Austria\" \/>\n<meta property=\"og:description\" content=\"James David Vance (Fotoquelle: Profimedia) hat durch offizielle Erkl\u00e4rungen im Namen der Vereinigten Staaten bewiesen, dass er ein unehrlicher Politiker ist, der \u00f6ffentliche Desinformationen \u00fcber Rum\u00e4nien verbreitet hat. Obwohl die erste Runde der Wahlen in Rum\u00e4nien vom Verfassungsgericht aufgrund finanzieller Transaktionen der russischen Regierung zugunsten von C\u0103lin Georgescu annulliert wurde \u2013 ein ausl\u00e4ndischer Eingriff, der [&hellip;]\" \/>\n<meta property=\"og:url\" content=\"https:\/\/www.euro-tv.ro\/austria\/james-david-vance-vizeprasident-der-vereinigten-staaten-verbrechen-live-aus-dem-offiziellen-amtssitz\/\" \/>\n<meta property=\"og:site_name\" content=\"Euro TV Austria\" \/>\n<meta property=\"article:published_time\" content=\"2025-02-21T08:55:34+00:00\" \/>\n<meta property=\"og:image\" content=\"https:\/\/www.euro-tv.ro\/austria\/wp-content\/uploads\/sites\/9\/2025\/02\/profimedia-vance.jpg\" \/>\n\t<meta property=\"og:image:width\" content=\"1557\" \/>\n\t<meta property=\"og:image:height\" content=\"1003\" \/>\n\t<meta property=\"og:image:type\" content=\"image\/jpeg\" \/>\n<meta name=\"author\" content=\"Marius Leontiuc\" \/>\n<meta name=\"twitter:label1\" content=\"Written by\" \/>\n\t<meta name=\"twitter:data1\" content=\"Marius Leontiuc\" \/>\n\t<meta name=\"twitter:label2\" content=\"Est. reading time\" \/>\n\t<meta name=\"twitter:data2\" content=\"4 minutes\" \/>\n<script type=\"application\/ld+json\" class=\"yoast-schema-graph\">{\"@context\":\"https:\/\/schema.org\",\"@graph\":[{\"@type\":\"WebPage\",\"@id\":\"https:\/\/www.euro-tv.ro\/austria\/james-david-vance-vizeprasident-der-vereinigten-staaten-verbrechen-live-aus-dem-offiziellen-amtssitz\/\",\"url\":\"https:\/\/www.euro-tv.ro\/austria\/james-david-vance-vizeprasident-der-vereinigten-staaten-verbrechen-live-aus-dem-offiziellen-amtssitz\/\",\"name\":\"James David Vance, Vizepr\u00e4sident der Vereinigten Staaten \u2013 Verbrechen live aus dem offiziellen Amtssitz - Euro TV Austria\",\"isPartOf\":{\"@id\":\"https:\/\/www.euro-tv.ro\/austria\/#website\"},\"primaryImageOfPage\":{\"@id\":\"https:\/\/www.euro-tv.ro\/austria\/james-david-vance-vizeprasident-der-vereinigten-staaten-verbrechen-live-aus-dem-offiziellen-amtssitz\/#primaryimage\"},\"image\":{\"@id\":\"https:\/\/www.euro-tv.ro\/austria\/james-david-vance-vizeprasident-der-vereinigten-staaten-verbrechen-live-aus-dem-offiziellen-amtssitz\/#primaryimage\"},\"thumbnailUrl\":\"https:\/\/www.euro-tv.ro\/austria\/wp-content\/uploads\/sites\/9\/2025\/02\/profimedia-vance.jpg\",\"datePublished\":\"2025-02-21T08:55:34+00:00\",\"dateModified\":\"2025-02-21T08:55:34+00:00\",\"author\":{\"@id\":\"https:\/\/www.euro-tv.ro\/austria\/#\/schema\/person\/d46d4e203eb2f26503fed9dd9d3f53cd\"},\"breadcrumb\":{\"@id\":\"https:\/\/www.euro-tv.ro\/austria\/james-david-vance-vizeprasident-der-vereinigten-staaten-verbrechen-live-aus-dem-offiziellen-amtssitz\/#breadcrumb\"},\"inLanguage\":\"en-US\",\"potentialAction\":[{\"@type\":\"ReadAction\",\"target\":[\"https:\/\/www.euro-tv.ro\/austria\/james-david-vance-vizeprasident-der-vereinigten-staaten-verbrechen-live-aus-dem-offiziellen-amtssitz\/\"]}]},{\"@type\":\"ImageObject\",\"inLanguage\":\"en-US\",\"@id\":\"https:\/\/www.euro-tv.ro\/austria\/james-david-vance-vizeprasident-der-vereinigten-staaten-verbrechen-live-aus-dem-offiziellen-amtssitz\/#primaryimage\",\"url\":\"https:\/\/www.euro-tv.ro\/austria\/wp-content\/uploads\/sites\/9\/2025\/02\/profimedia-vance.jpg\",\"contentUrl\":\"https:\/\/www.euro-tv.ro\/austria\/wp-content\/uploads\/sites\/9\/2025\/02\/profimedia-vance.jpg\",\"width\":1557,\"height\":1003},{\"@type\":\"BreadcrumbList\",\"@id\":\"https:\/\/www.euro-tv.ro\/austria\/james-david-vance-vizeprasident-der-vereinigten-staaten-verbrechen-live-aus-dem-offiziellen-amtssitz\/#breadcrumb\",\"itemListElement\":[{\"@type\":\"ListItem\",\"position\":1,\"name\":\"Home\",\"item\":\"https:\/\/www.euro-tv.ro\/austria\/\"},{\"@type\":\"ListItem\",\"position\":2,\"name\":\"James David Vance, Vizepr\u00e4sident der Vereinigten Staaten \u2013 Verbrechen live aus dem offiziellen Amtssitz\"}]},{\"@type\":\"WebSite\",\"@id\":\"https:\/\/www.euro-tv.ro\/austria\/#website\",\"url\":\"https:\/\/www.euro-tv.ro\/austria\/\",\"name\":\"Euro TV Austria\",\"description\":\"Euro TV Austria\",\"potentialAction\":[{\"@type\":\"SearchAction\",\"target\":{\"@type\":\"EntryPoint\",\"urlTemplate\":\"https:\/\/www.euro-tv.ro\/austria\/?s={search_term_string}\"},\"query-input\":{\"@type\":\"PropertyValueSpecification\",\"valueRequired\":true,\"valueName\":\"search_term_string\"}}],\"inLanguage\":\"en-US\"},{\"@type\":\"Person\",\"@id\":\"https:\/\/www.euro-tv.ro\/austria\/#\/schema\/person\/d46d4e203eb2f26503fed9dd9d3f53cd\",\"name\":\"Marius Leontiuc\",\"image\":{\"@type\":\"ImageObject\",\"inLanguage\":\"en-US\",\"@id\":\"https:\/\/www.euro-tv.ro\/austria\/#\/schema\/person\/image\/\",\"url\":\"https:\/\/secure.gravatar.com\/avatar\/000d1d03a10c3545cc0a6ef9298e02ce?s=96&d=mm&r=g\",\"contentUrl\":\"https:\/\/secure.gravatar.com\/avatar\/000d1d03a10c3545cc0a6ef9298e02ce?s=96&d=mm&r=g\",\"caption\":\"Marius Leontiuc\"},\"url\":\"https:\/\/www.euro-tv.ro\/austria\/author\/marius-leontiuc\/\"}]}<\/script>\n<!-- \/ Yoast SEO plugin. -->","yoast_head_json":{"title":"James David Vance, Vizepr\u00e4sident der Vereinigten Staaten \u2013 Verbrechen live aus dem offiziellen Amtssitz - Euro TV Austria","robots":{"index":"index","follow":"follow","max-snippet":"max-snippet:-1","max-image-preview":"max-image-preview:large","max-video-preview":"max-video-preview:-1"},"canonical":"https:\/\/www.euro-tv.ro\/austria\/james-david-vance-vizeprasident-der-vereinigten-staaten-verbrechen-live-aus-dem-offiziellen-amtssitz\/","og_locale":"en_US","og_type":"article","og_title":"James David Vance, Vizepr\u00e4sident der Vereinigten Staaten \u2013 Verbrechen live aus dem offiziellen Amtssitz - Euro TV Austria","og_description":"James David Vance (Fotoquelle: Profimedia) hat durch offizielle Erkl\u00e4rungen im Namen der Vereinigten Staaten bewiesen, dass er ein unehrlicher Politiker ist, der \u00f6ffentliche Desinformationen \u00fcber Rum\u00e4nien verbreitet hat. Obwohl die erste Runde der Wahlen in Rum\u00e4nien vom Verfassungsgericht aufgrund finanzieller Transaktionen der russischen Regierung zugunsten von C\u0103lin Georgescu annulliert wurde \u2013 ein ausl\u00e4ndischer Eingriff, der [&hellip;]","og_url":"https:\/\/www.euro-tv.ro\/austria\/james-david-vance-vizeprasident-der-vereinigten-staaten-verbrechen-live-aus-dem-offiziellen-amtssitz\/","og_site_name":"Euro TV Austria","article_published_time":"2025-02-21T08:55:34+00:00","og_image":[{"width":1557,"height":1003,"url":"https:\/\/www.euro-tv.ro\/austria\/wp-content\/uploads\/sites\/9\/2025\/02\/profimedia-vance.jpg","type":"image\/jpeg"}],"author":"Marius Leontiuc","twitter_misc":{"Written by":"Marius Leontiuc","Est. reading time":"4 minutes"},"schema":{"@context":"https:\/\/schema.org","@graph":[{"@type":"WebPage","@id":"https:\/\/www.euro-tv.ro\/austria\/james-david-vance-vizeprasident-der-vereinigten-staaten-verbrechen-live-aus-dem-offiziellen-amtssitz\/","url":"https:\/\/www.euro-tv.ro\/austria\/james-david-vance-vizeprasident-der-vereinigten-staaten-verbrechen-live-aus-dem-offiziellen-amtssitz\/","name":"James David Vance, Vizepr\u00e4sident der Vereinigten Staaten \u2013 Verbrechen live aus dem offiziellen Amtssitz - Euro TV Austria","isPartOf":{"@id":"https:\/\/www.euro-tv.ro\/austria\/#website"},"primaryImageOfPage":{"@id":"https:\/\/www.euro-tv.ro\/austria\/james-david-vance-vizeprasident-der-vereinigten-staaten-verbrechen-live-aus-dem-offiziellen-amtssitz\/#primaryimage"},"image":{"@id":"https:\/\/www.euro-tv.ro\/austria\/james-david-vance-vizeprasident-der-vereinigten-staaten-verbrechen-live-aus-dem-offiziellen-amtssitz\/#primaryimage"},"thumbnailUrl":"https:\/\/www.euro-tv.ro\/austria\/wp-content\/uploads\/sites\/9\/2025\/02\/profimedia-vance.jpg","datePublished":"2025-02-21T08:55:34+00:00","dateModified":"2025-02-21T08:55:34+00:00","author":{"@id":"https:\/\/www.euro-tv.ro\/austria\/#\/schema\/person\/d46d4e203eb2f26503fed9dd9d3f53cd"},"breadcrumb":{"@id":"https:\/\/www.euro-tv.ro\/austria\/james-david-vance-vizeprasident-der-vereinigten-staaten-verbrechen-live-aus-dem-offiziellen-amtssitz\/#breadcrumb"},"inLanguage":"en-US","potentialAction":[{"@type":"ReadAction","target":["https:\/\/www.euro-tv.ro\/austria\/james-david-vance-vizeprasident-der-vereinigten-staaten-verbrechen-live-aus-dem-offiziellen-amtssitz\/"]}]},{"@type":"ImageObject","inLanguage":"en-US","@id":"https:\/\/www.euro-tv.ro\/austria\/james-david-vance-vizeprasident-der-vereinigten-staaten-verbrechen-live-aus-dem-offiziellen-amtssitz\/#primaryimage","url":"https:\/\/www.euro-tv.ro\/austria\/wp-content\/uploads\/sites\/9\/2025\/02\/profimedia-vance.jpg","contentUrl":"https:\/\/www.euro-tv.ro\/austria\/wp-content\/uploads\/sites\/9\/2025\/02\/profimedia-vance.jpg","width":1557,"height":1003},{"@type":"BreadcrumbList","@id":"https:\/\/www.euro-tv.ro\/austria\/james-david-vance-vizeprasident-der-vereinigten-staaten-verbrechen-live-aus-dem-offiziellen-amtssitz\/#breadcrumb","itemListElement":[{"@type":"ListItem","position":1,"name":"Home","item":"https:\/\/www.euro-tv.ro\/austria\/"},{"@type":"ListItem","position":2,"name":"James David Vance, Vizepr\u00e4sident der Vereinigten Staaten \u2013 Verbrechen live aus dem offiziellen Amtssitz"}]},{"@type":"WebSite","@id":"https:\/\/www.euro-tv.ro\/austria\/#website","url":"https:\/\/www.euro-tv.ro\/austria\/","name":"Euro TV Austria","description":"Euro TV Austria","potentialAction":[{"@type":"SearchAction","target":{"@type":"EntryPoint","urlTemplate":"https:\/\/www.euro-tv.ro\/austria\/?s={search_term_string}"},"query-input":{"@type":"PropertyValueSpecification","valueRequired":true,"valueName":"search_term_string"}}],"inLanguage":"en-US"},{"@type":"Person","@id":"https:\/\/www.euro-tv.ro\/austria\/#\/schema\/person\/d46d4e203eb2f26503fed9dd9d3f53cd","name":"Marius Leontiuc","image":{"@type":"ImageObject","inLanguage":"en-US","@id":"https:\/\/www.euro-tv.ro\/austria\/#\/schema\/person\/image\/","url":"https:\/\/secure.gravatar.com\/avatar\/000d1d03a10c3545cc0a6ef9298e02ce?s=96&d=mm&r=g","contentUrl":"https:\/\/secure.gravatar.com\/avatar\/000d1d03a10c3545cc0a6ef9298e02ce?s=96&d=mm&r=g","caption":"Marius Leontiuc"},"url":"https:\/\/www.euro-tv.ro\/austria\/author\/marius-leontiuc\/"}]}},"jetpack_featured_media_url":"https:\/\/www.euro-tv.ro\/austria\/wp-content\/uploads\/sites\/9\/2025\/02\/profimedia-vance.jpg","jetpack_sharing_enabled":true,"jetpack_shortlink":"https:\/\/wp.me\/p5QPB5-ke","_links":{"self":[{"href":"https:\/\/www.euro-tv.ro\/austria\/wp-json\/wp\/v2\/posts\/1254","targetHints":{"allow":["GET"]}}],"collection":[{"href":"https:\/\/www.euro-tv.ro\/austria\/wp-json\/wp\/v2\/posts"}],"about":[{"href":"https:\/\/www.euro-tv.ro\/austria\/wp-json\/wp\/v2\/types\/post"}],"author":[{"embeddable":true,"href":"https:\/\/www.euro-tv.ro\/austria\/wp-json\/wp\/v2\/users\/1"}],"replies":[{"embeddable":true,"href":"https:\/\/www.euro-tv.ro\/austria\/wp-json\/wp\/v2\/comments?post=1254"}],"version-history":[{"count":1,"href":"https:\/\/www.euro-tv.ro\/austria\/wp-json\/wp\/v2\/posts\/1254\/revisions"}],"predecessor-version":[{"id":1256,"href":"https:\/\/www.euro-tv.ro\/austria\/wp-json\/wp\/v2\/posts\/1254\/revisions\/1256"}],"wp:featuredmedia":[{"embeddable":true,"href":"https:\/\/www.euro-tv.ro\/austria\/wp-json\/wp\/v2\/media\/1255"}],"wp:attachment":[{"href":"https:\/\/www.euro-tv.ro\/austria\/wp-json\/wp\/v2\/media?parent=1254"}],"wp:term":[{"taxonomy":"category","embeddable":true,"href":"https:\/\/www.euro-tv.ro\/austria\/wp-json\/wp\/v2\/categories?post=1254"},{"taxonomy":"post_tag","embeddable":true,"href":"https:\/\/www.euro-tv.ro\/austria\/wp-json\/wp\/v2\/tags?post=1254"}],"curies":[{"name":"wp","href":"https:\/\/api.w.org\/{rel}","templated":true}]}}