{"id":57,"date":"2015-01-09T15:57:20","date_gmt":"2015-01-09T15:57:20","guid":{"rendered":"http:\/\/www.eurotv.ro\/nachrichten\/2015\/01\/09\/neue-fernbusfirma-plant-1000-busse-auf-strassen\/"},"modified":"2015-01-09T15:57:20","modified_gmt":"2015-01-09T15:57:20","slug":"neue-fernbusfirma-plant-1000-busse-auf-strassen","status":"publish","type":"post","link":"https:\/\/www.euro-tv.ro\/nachrichten\/2015\/01\/09\/neue-fernbusfirma-plant-1000-busse-auf-strassen\/","title":{"rendered":"Neue Fernbusfirma plant 1000 Busse auf Stra\u00dfen"},"content":{"rendered":"<div class=\"wdqs wdqs_link wdqs-link-container\">\n<div border: 2px solid blue;>\n<div class=\"wdqs-thumbnail-container\" style=\"background-color:white; width:180px;\">\n\t\t\t\t\t\t\t\t<a href=\"https:\/\/de.nachrichten.yahoo.com\/neue-fernbusfirma-plant-1000-busse-stra%C3%9Fen-120809914--finance.html\"  target=\"_blank\"><img decoding=\"async\" src=\"http:\/\/www.eurotv.ro\/nachrichten\/wp-content\/uploads\/sites\/4\/2015\/01\/a28cea39eac15817a0b3eedb1526fe651b786071.jpg\" width=\"450\" \/><\/a><\/p><\/div>\n<\/div>\n<p>&nbsp;<\/p>\n<div class=\"wdqs-text-container\" style=\"border:2px\">\n<p>Das fusionierte Fernbusunternehmen MeinFernbus FlixBus will bis zum Jahresende tausend Busse auf den Stra\u00dfen haben. Die bisherige Flotte von 560 Bussen solle bis Dezember auf 1000 Busse ausgebaut werden, sagte der Gr\u00fcnder von MeinFernbus, Torben Greve, der im neuen Unternehmen f\u00fcr die Angebots- und Netzplanung zust\u00e4ndig ist, in Berlin. Das neue Unternehmen solle &#8220;Europas innovativster und beliebtester Fernbusanbieter werden&#8221;.<\/p>\n<\/p>\n<p>&nbsp;&nbsp;&nbsp;&nbsp;&nbsp;&nbsp;&nbsp;<\/p>\n<p class=\"wdqs-link-to-source\"><a target=\"_blank\"  href=\"https:\/\/de.nachrichten.yahoo.com\/neue-fernbusfirma-plant-1000-busse-stra%C3%9Fen-120809914--finance.html\">https:\/\/de.nachrichten.yahoo.com\/neue-fernbusfirma-plant-1000-busse-stra%C3%9Fen-120809914&#8211;finance.html<\/a><\/p>\n<\/p><\/div>\n<div style=\"clear:both\"><\/div>\n<\/div>\n","protected":false},"excerpt":{"rendered":"<p>&nbsp; Das fusionierte Fernbusunternehmen MeinFernbus FlixBus will bis zum Jahresende tausend Busse auf den Stra\u00dfen haben. Die bisherige Flotte von 560 Bussen solle bis Dezember auf 1000 Busse ausgebaut werden, sagte der Gr\u00fcnder von MeinFernbus, Torben Greve, der im neuen Unternehmen f\u00fcr die Angebots- und Netzplanung zust\u00e4ndig ist, in Berlin. Das neue Unternehmen solle &#8220;Europas<a class=\"read-more\" href=\"https:\/\/www.euro-tv.ro\/nachrichten\/2015\/01\/09\/neue-fernbusfirma-plant-1000-busse-auf-strassen\/\"> [&hellip;]<\/a><\/p>\n","protected":false},"author":1,"featured_media":58,"comment_status":"open","ping_status":"open","sticky":false,"template":"","format":"standard","meta":{"_bbp_topic_count":0,"_bbp_reply_count":0,"_bbp_total_topic_count":0,"_bbp_total_reply_count":0,"_bbp_voice_count":0,"_bbp_anonymous_reply_count":0,"_bbp_topic_count_hidden":0,"_bbp_reply_count_hidden":0,"_bbp_forum_subforum_count":0,"footnotes":""},"categories":[1],"tags":[113,19,114,111,50,112,115],"class_list":["post-57","post","type-post","status-publish","format-standard","has-post-thumbnail","hentry","category-news","tag-113","tag-auf","tag-busse","tag-fernbusfirma","tag-neue","tag-plant","tag-strassen"],"yoast_head":"<!-- This site is optimized with the Yoast SEO plugin v24.1 - https:\/\/yoast.com\/wordpress\/plugins\/seo\/ -->\n<title>Neue Fernbusfirma plant 1000 Busse auf Stra\u00dfen - nachrichten<\/title>\n<meta name=\"robots\" content=\"index, follow, max-snippet:-1, max-image-preview:large, max-video-preview:-1\" \/>\n<link rel=\"canonical\" href=\"https:\/\/www.euro-tv.ro\/nachrichten\/2015\/01\/09\/neue-fernbusfirma-plant-1000-busse-auf-strassen\/\" \/>\n<meta property=\"og:locale\" content=\"de_DE\" \/>\n<meta property=\"og:type\" content=\"article\" \/>\n<meta property=\"og:title\" content=\"Neue Fernbusfirma plant 1000 Busse auf Stra\u00dfen - nachrichten\" \/>\n<meta property=\"og:description\" content=\"&nbsp; Das fusionierte Fernbusunternehmen MeinFernbus FlixBus will bis zum Jahresende tausend Busse auf den Stra\u00dfen haben. Die bisherige Flotte von 560 Bussen solle bis Dezember auf 1000 Busse ausgebaut werden, sagte der Gr\u00fcnder von MeinFernbus, Torben Greve, der im neuen Unternehmen f\u00fcr die Angebots- und Netzplanung zust\u00e4ndig ist, in Berlin. Das neue Unternehmen solle &#8220;Europas [&hellip;]\" \/>\n<meta property=\"og:url\" content=\"https:\/\/www.euro-tv.ro\/nachrichten\/2015\/01\/09\/neue-fernbusfirma-plant-1000-busse-auf-strassen\/\" \/>\n<meta property=\"og:site_name\" content=\"nachrichten\" \/>\n<meta property=\"article:published_time\" content=\"2015-01-09T15:57:20+00:00\" \/>\n<meta property=\"og:image\" content=\"https:\/\/www.euro-tv.ro\/nachrichten\/wp-content\/uploads\/sites\/4\/2015\/01\/a28cea39eac15817a0b3eedb1526fe651b7860711.jpg\" \/>\n\t<meta property=\"og:image:width\" content=\"512\" \/>\n\t<meta property=\"og:image:height\" content=\"272\" \/>\n\t<meta property=\"og:image:type\" content=\"image\/jpeg\" \/>\n<meta name=\"author\" content=\"Marius Leontiuc\" \/>\n<meta name=\"twitter:card\" content=\"summary_large_image\" \/>\n<meta name=\"twitter:label1\" content=\"Verfasst von\" \/>\n\t<meta name=\"twitter:data1\" content=\"Marius Leontiuc\" \/>\n<script type=\"application\/ld+json\" class=\"yoast-schema-graph\">{\"@context\":\"https:\/\/schema.org\",\"@graph\":[{\"@type\":\"WebPage\",\"@id\":\"https:\/\/www.euro-tv.ro\/nachrichten\/2015\/01\/09\/neue-fernbusfirma-plant-1000-busse-auf-strassen\/\",\"url\":\"https:\/\/www.euro-tv.ro\/nachrichten\/2015\/01\/09\/neue-fernbusfirma-plant-1000-busse-auf-strassen\/\",\"name\":\"Neue Fernbusfirma plant 1000 Busse auf Stra\u00dfen - nachrichten\",\"isPartOf\":{\"@id\":\"https:\/\/www.euro-tv.ro\/nachrichten\/#website\"},\"primaryImageOfPage\":{\"@id\":\"https:\/\/www.euro-tv.ro\/nachrichten\/2015\/01\/09\/neue-fernbusfirma-plant-1000-busse-auf-strassen\/#primaryimage\"},\"image\":{\"@id\":\"https:\/\/www.euro-tv.ro\/nachrichten\/2015\/01\/09\/neue-fernbusfirma-plant-1000-busse-auf-strassen\/#primaryimage\"},\"thumbnailUrl\":\"https:\/\/www.euro-tv.ro\/nachrichten\/wp-content\/uploads\/sites\/4\/2015\/01\/a28cea39eac15817a0b3eedb1526fe651b7860711.jpg\",\"datePublished\":\"2015-01-09T15:57:20+00:00\",\"dateModified\":\"2015-01-09T15:57:20+00:00\",\"author\":{\"@id\":\"https:\/\/www.euro-tv.ro\/nachrichten\/#\/schema\/person\/d46d4e203eb2f26503fed9dd9d3f53cd\"},\"breadcrumb\":{\"@id\":\"https:\/\/www.euro-tv.ro\/nachrichten\/2015\/01\/09\/neue-fernbusfirma-plant-1000-busse-auf-strassen\/#breadcrumb\"},\"inLanguage\":\"de-DE\",\"potentialAction\":[{\"@type\":\"ReadAction\",\"target\":[\"https:\/\/www.euro-tv.ro\/nachrichten\/2015\/01\/09\/neue-fernbusfirma-plant-1000-busse-auf-strassen\/\"]}]},{\"@type\":\"ImageObject\",\"inLanguage\":\"de-DE\",\"@id\":\"https:\/\/www.euro-tv.ro\/nachrichten\/2015\/01\/09\/neue-fernbusfirma-plant-1000-busse-auf-strassen\/#primaryimage\",\"url\":\"https:\/\/www.euro-tv.ro\/nachrichten\/wp-content\/uploads\/sites\/4\/2015\/01\/a28cea39eac15817a0b3eedb1526fe651b7860711.jpg\",\"contentUrl\":\"https:\/\/www.euro-tv.ro\/nachrichten\/wp-content\/uploads\/sites\/4\/2015\/01\/a28cea39eac15817a0b3eedb1526fe651b7860711.jpg\",\"width\":512,\"height\":272},{\"@type\":\"BreadcrumbList\",\"@id\":\"https:\/\/www.euro-tv.ro\/nachrichten\/2015\/01\/09\/neue-fernbusfirma-plant-1000-busse-auf-strassen\/#breadcrumb\",\"itemListElement\":[{\"@type\":\"ListItem\",\"position\":1,\"name\":\"Prima pagin\u0103\",\"item\":\"https:\/\/www.euro-tv.ro\/nachrichten\/\"},{\"@type\":\"ListItem\",\"position\":2,\"name\":\"Neue Fernbusfirma plant 1000 Busse auf Stra\u00dfen\"}]},{\"@type\":\"WebSite\",\"@id\":\"https:\/\/www.euro-tv.ro\/nachrichten\/#website\",\"url\":\"https:\/\/www.euro-tv.ro\/nachrichten\/\",\"name\":\"nachrichten\",\"description\":\"Euro TV News Agency\",\"potentialAction\":[{\"@type\":\"SearchAction\",\"target\":{\"@type\":\"EntryPoint\",\"urlTemplate\":\"https:\/\/www.euro-tv.ro\/nachrichten\/?s={search_term_string}\"},\"query-input\":{\"@type\":\"PropertyValueSpecification\",\"valueRequired\":true,\"valueName\":\"search_term_string\"}}],\"inLanguage\":\"de-DE\"},{\"@type\":\"Person\",\"@id\":\"https:\/\/www.euro-tv.ro\/nachrichten\/#\/schema\/person\/d46d4e203eb2f26503fed9dd9d3f53cd\",\"name\":\"Marius Leontiuc\",\"image\":{\"@type\":\"ImageObject\",\"inLanguage\":\"de-DE\",\"@id\":\"https:\/\/www.euro-tv.ro\/nachrichten\/#\/schema\/person\/image\/\",\"url\":\"https:\/\/secure.gravatar.com\/avatar\/000d1d03a10c3545cc0a6ef9298e02ce?s=96&d=mm&r=g\",\"contentUrl\":\"https:\/\/secure.gravatar.com\/avatar\/000d1d03a10c3545cc0a6ef9298e02ce?s=96&d=mm&r=g\",\"caption\":\"Marius Leontiuc\"},\"url\":\"https:\/\/www.euro-tv.ro\/nachrichten\/author\/marius-leontiuc\/\"}]}<\/script>\n<!-- \/ Yoast SEO plugin. -->","yoast_head_json":{"title":"Neue Fernbusfirma plant 1000 Busse auf Stra\u00dfen - nachrichten","robots":{"index":"index","follow":"follow","max-snippet":"max-snippet:-1","max-image-preview":"max-image-preview:large","max-video-preview":"max-video-preview:-1"},"canonical":"https:\/\/www.euro-tv.ro\/nachrichten\/2015\/01\/09\/neue-fernbusfirma-plant-1000-busse-auf-strassen\/","og_locale":"de_DE","og_type":"article","og_title":"Neue Fernbusfirma plant 1000 Busse auf Stra\u00dfen - nachrichten","og_description":"&nbsp; Das fusionierte Fernbusunternehmen MeinFernbus FlixBus will bis zum Jahresende tausend Busse auf den Stra\u00dfen haben. Die bisherige Flotte von 560 Bussen solle bis Dezember auf 1000 Busse ausgebaut werden, sagte der Gr\u00fcnder von MeinFernbus, Torben Greve, der im neuen Unternehmen f\u00fcr die Angebots- und Netzplanung zust\u00e4ndig ist, in Berlin. Das neue Unternehmen solle &#8220;Europas [&hellip;]","og_url":"https:\/\/www.euro-tv.ro\/nachrichten\/2015\/01\/09\/neue-fernbusfirma-plant-1000-busse-auf-strassen\/","og_site_name":"nachrichten","article_published_time":"2015-01-09T15:57:20+00:00","og_image":[{"width":512,"height":272,"url":"https:\/\/www.euro-tv.ro\/nachrichten\/wp-content\/uploads\/sites\/4\/2015\/01\/a28cea39eac15817a0b3eedb1526fe651b7860711.jpg","type":"image\/jpeg"}],"author":"Marius Leontiuc","twitter_card":"summary_large_image","twitter_misc":{"Verfasst von":"Marius Leontiuc"},"schema":{"@context":"https:\/\/schema.org","@graph":[{"@type":"WebPage","@id":"https:\/\/www.euro-tv.ro\/nachrichten\/2015\/01\/09\/neue-fernbusfirma-plant-1000-busse-auf-strassen\/","url":"https:\/\/www.euro-tv.ro\/nachrichten\/2015\/01\/09\/neue-fernbusfirma-plant-1000-busse-auf-strassen\/","name":"Neue Fernbusfirma plant 1000 Busse auf Stra\u00dfen - nachrichten","isPartOf":{"@id":"https:\/\/www.euro-tv.ro\/nachrichten\/#website"},"primaryImageOfPage":{"@id":"https:\/\/www.euro-tv.ro\/nachrichten\/2015\/01\/09\/neue-fernbusfirma-plant-1000-busse-auf-strassen\/#primaryimage"},"image":{"@id":"https:\/\/www.euro-tv.ro\/nachrichten\/2015\/01\/09\/neue-fernbusfirma-plant-1000-busse-auf-strassen\/#primaryimage"},"thumbnailUrl":"https:\/\/www.euro-tv.ro\/nachrichten\/wp-content\/uploads\/sites\/4\/2015\/01\/a28cea39eac15817a0b3eedb1526fe651b7860711.jpg","datePublished":"2015-01-09T15:57:20+00:00","dateModified":"2015-01-09T15:57:20+00:00","author":{"@id":"https:\/\/www.euro-tv.ro\/nachrichten\/#\/schema\/person\/d46d4e203eb2f26503fed9dd9d3f53cd"},"breadcrumb":{"@id":"https:\/\/www.euro-tv.ro\/nachrichten\/2015\/01\/09\/neue-fernbusfirma-plant-1000-busse-auf-strassen\/#breadcrumb"},"inLanguage":"de-DE","potentialAction":[{"@type":"ReadAction","target":["https:\/\/www.euro-tv.ro\/nachrichten\/2015\/01\/09\/neue-fernbusfirma-plant-1000-busse-auf-strassen\/"]}]},{"@type":"ImageObject","inLanguage":"de-DE","@id":"https:\/\/www.euro-tv.ro\/nachrichten\/2015\/01\/09\/neue-fernbusfirma-plant-1000-busse-auf-strassen\/#primaryimage","url":"https:\/\/www.euro-tv.ro\/nachrichten\/wp-content\/uploads\/sites\/4\/2015\/01\/a28cea39eac15817a0b3eedb1526fe651b7860711.jpg","contentUrl":"https:\/\/www.euro-tv.ro\/nachrichten\/wp-content\/uploads\/sites\/4\/2015\/01\/a28cea39eac15817a0b3eedb1526fe651b7860711.jpg","width":512,"height":272},{"@type":"BreadcrumbList","@id":"https:\/\/www.euro-tv.ro\/nachrichten\/2015\/01\/09\/neue-fernbusfirma-plant-1000-busse-auf-strassen\/#breadcrumb","itemListElement":[{"@type":"ListItem","position":1,"name":"Prima pagin\u0103","item":"https:\/\/www.euro-tv.ro\/nachrichten\/"},{"@type":"ListItem","position":2,"name":"Neue Fernbusfirma plant 1000 Busse auf Stra\u00dfen"}]},{"@type":"WebSite","@id":"https:\/\/www.euro-tv.ro\/nachrichten\/#website","url":"https:\/\/www.euro-tv.ro\/nachrichten\/","name":"nachrichten","description":"Euro TV News Agency","potentialAction":[{"@type":"SearchAction","target":{"@type":"EntryPoint","urlTemplate":"https:\/\/www.euro-tv.ro\/nachrichten\/?s={search_term_string}"},"query-input":{"@type":"PropertyValueSpecification","valueRequired":true,"valueName":"search_term_string"}}],"inLanguage":"de-DE"},{"@type":"Person","@id":"https:\/\/www.euro-tv.ro\/nachrichten\/#\/schema\/person\/d46d4e203eb2f26503fed9dd9d3f53cd","name":"Marius Leontiuc","image":{"@type":"ImageObject","inLanguage":"de-DE","@id":"https:\/\/www.euro-tv.ro\/nachrichten\/#\/schema\/person\/image\/","url":"https:\/\/secure.gravatar.com\/avatar\/000d1d03a10c3545cc0a6ef9298e02ce?s=96&d=mm&r=g","contentUrl":"https:\/\/secure.gravatar.com\/avatar\/000d1d03a10c3545cc0a6ef9298e02ce?s=96&d=mm&r=g","caption":"Marius Leontiuc"},"url":"https:\/\/www.euro-tv.ro\/nachrichten\/author\/marius-leontiuc\/"}]}},"jetpack_featured_media_url":"https:\/\/www.euro-tv.ro\/nachrichten\/wp-content\/uploads\/sites\/4\/2015\/01\/a28cea39eac15817a0b3eedb1526fe651b7860711.jpg","_links":{"self":[{"href":"https:\/\/www.euro-tv.ro\/nachrichten\/wp-json\/wp\/v2\/posts\/57","targetHints":{"allow":["GET"]}}],"collection":[{"href":"https:\/\/www.euro-tv.ro\/nachrichten\/wp-json\/wp\/v2\/posts"}],"about":[{"href":"https:\/\/www.euro-tv.ro\/nachrichten\/wp-json\/wp\/v2\/types\/post"}],"author":[{"embeddable":true,"href":"https:\/\/www.euro-tv.ro\/nachrichten\/wp-json\/wp\/v2\/users\/1"}],"replies":[{"embeddable":true,"href":"https:\/\/www.euro-tv.ro\/nachrichten\/wp-json\/wp\/v2\/comments?post=57"}],"version-history":[{"count":1,"href":"https:\/\/www.euro-tv.ro\/nachrichten\/wp-json\/wp\/v2\/posts\/57\/revisions"}],"predecessor-version":[{"id":59,"href":"https:\/\/www.euro-tv.ro\/nachrichten\/wp-json\/wp\/v2\/posts\/57\/revisions\/59"}],"wp:featuredmedia":[{"embeddable":true,"href":"https:\/\/www.euro-tv.ro\/nachrichten\/wp-json\/wp\/v2\/media\/58"}],"wp:attachment":[{"href":"https:\/\/www.euro-tv.ro\/nachrichten\/wp-json\/wp\/v2\/media?parent=57"}],"wp:term":[{"taxonomy":"category","embeddable":true,"href":"https:\/\/www.euro-tv.ro\/nachrichten\/wp-json\/wp\/v2\/categories?post=57"},{"taxonomy":"post_tag","embeddable":true,"href":"https:\/\/www.euro-tv.ro\/nachrichten\/wp-json\/wp\/v2\/tags?post=57"}],"curies":[{"name":"wp","href":"https:\/\/api.w.org\/{rel}","templated":true}]}}