{"id":63,"date":"2015-01-09T15:57:44","date_gmt":"2015-01-09T15:57:44","guid":{"rendered":"http:\/\/www.eurotv.ro\/nachrichten\/2015\/01\/09\/politik-und-religion-rufen-zu-demos-gegen-hass-auf\/"},"modified":"2015-01-09T15:57:44","modified_gmt":"2015-01-09T15:57:44","slug":"politik-und-religion-rufen-zu-demos-gegen-hass-auf","status":"publish","type":"post","link":"https:\/\/www.euro-tv.ro\/nachrichten\/2015\/01\/09\/politik-und-religion-rufen-zu-demos-gegen-hass-auf\/","title":{"rendered":"Politik und Religion rufen zu Demos gegen Hass auf"},"content":{"rendered":"<div class=\"wdqs wdqs_link wdqs-link-container\">\n<div border: 2px solid blue;>\n<div class=\"wdqs-thumbnail-container\" style=\"background-color:white; width:180px;\">\n\t\t\t\t\t\t\t\t<a href=\"https:\/\/de.nachrichten.yahoo.com\/manifest-religionsvertretern-gegen-gewalt-064540612.html\"  target=\"_blank\"><img decoding=\"async\" src=\"http:\/\/www.eurotv.ro\/nachrichten\/wp-content\/uploads\/sites\/4\/2015\/01\/931954e7af6b17d9310728b5f9a4ddc551127f1c.jpg\" width=\"450\" \/><\/a><\/p><\/div>\n<\/div>\n<p>&nbsp;<\/p>\n<div class=\"wdqs-text-container\" style=\"border:2px\">\n<p>Vertreter aus Politik und Religion haben als Reaktion auf den Anschlag in Paris dazu aufgerufen, gegen eine Spaltung der Gesellschaft in Deutschland auf die Stra\u00dfe zu gehen. Mehrere muslimische Verb\u00e4nde wollen am Montag am Brandenburger Tor in Berlin eine Mahnwache abhalten, wie sie in K\u00f6ln mitteilten. Vertreter des Christentums, des Judentums und des Islams ver\u00f6ffentlichten ein gemeinsames Manifest gegen Gewalt.<\/p>\n<\/p>\n<p>&nbsp;&nbsp;&nbsp;&nbsp;&nbsp;&nbsp;&nbsp;<\/p>\n<p class=\"wdqs-link-to-source\"><a target=\"_blank\"  href=\"https:\/\/de.nachrichten.yahoo.com\/manifest-religionsvertretern-gegen-gewalt-064540612.html\">https:\/\/de.nachrichten.yahoo.com\/manifest-religionsvertretern-gegen-gewalt-064540612.html<\/a><\/p>\n<\/p><\/div>\n<div style=\"clear:both\"><\/div>\n<\/div>\n","protected":false},"excerpt":{"rendered":"<p>&nbsp; Vertreter aus Politik und Religion haben als Reaktion auf den Anschlag in Paris dazu aufgerufen, gegen eine Spaltung der Gesellschaft in Deutschland auf die Stra\u00dfe zu gehen. Mehrere muslimische Verb\u00e4nde wollen am Montag am Brandenburger Tor in Berlin eine Mahnwache abhalten, wie sie in K\u00f6ln mitteilten. Vertreter des Christentums, des Judentums und des Islams<a class=\"read-more\" href=\"https:\/\/www.euro-tv.ro\/nachrichten\/2015\/01\/09\/politik-und-religion-rufen-zu-demos-gegen-hass-auf\/\"> [&hellip;]<\/a><\/p>\n","protected":false},"author":1,"featured_media":64,"comment_status":"open","ping_status":"open","sticky":false,"template":"","format":"standard","meta":{"_bbp_topic_count":0,"_bbp_reply_count":0,"_bbp_total_topic_count":0,"_bbp_total_reply_count":0,"_bbp_voice_count":0,"_bbp_anonymous_reply_count":0,"_bbp_topic_count_hidden":0,"_bbp_reply_count_hidden":0,"_bbp_forum_subforum_count":0,"footnotes":""},"categories":[1],"tags":[19,126,127,128,122,123,124,21,125],"class_list":["post-63","post","type-post","status-publish","format-standard","has-post-thumbnail","hentry","category-news","tag-auf","tag-demos","tag-gegen","tag-hass","tag-politik","tag-religion","tag-rufen","tag-und","tag-zu"],"yoast_head":"<!-- This site is optimized with the Yoast SEO plugin v24.1 - https:\/\/yoast.com\/wordpress\/plugins\/seo\/ -->\n<title>Politik und Religion rufen zu Demos gegen Hass auf - nachrichten<\/title>\n<meta name=\"robots\" content=\"index, follow, max-snippet:-1, max-image-preview:large, max-video-preview:-1\" \/>\n<link rel=\"canonical\" href=\"https:\/\/www.euro-tv.ro\/nachrichten\/2015\/01\/09\/politik-und-religion-rufen-zu-demos-gegen-hass-auf\/\" \/>\n<meta property=\"og:locale\" content=\"de_DE\" \/>\n<meta property=\"og:type\" content=\"article\" \/>\n<meta property=\"og:title\" content=\"Politik und Religion rufen zu Demos gegen Hass auf - nachrichten\" \/>\n<meta property=\"og:description\" content=\"&nbsp; Vertreter aus Politik und Religion haben als Reaktion auf den Anschlag in Paris dazu aufgerufen, gegen eine Spaltung der Gesellschaft in Deutschland auf die Stra\u00dfe zu gehen. Mehrere muslimische Verb\u00e4nde wollen am Montag am Brandenburger Tor in Berlin eine Mahnwache abhalten, wie sie in K\u00f6ln mitteilten. Vertreter des Christentums, des Judentums und des Islams [&hellip;]\" \/>\n<meta property=\"og:url\" content=\"https:\/\/www.euro-tv.ro\/nachrichten\/2015\/01\/09\/politik-und-religion-rufen-zu-demos-gegen-hass-auf\/\" \/>\n<meta property=\"og:site_name\" content=\"nachrichten\" \/>\n<meta property=\"article:published_time\" content=\"2015-01-09T15:57:44+00:00\" \/>\n<meta property=\"og:image\" content=\"https:\/\/www.euro-tv.ro\/nachrichten\/wp-content\/uploads\/sites\/4\/2015\/01\/931954e7af6b17d9310728b5f9a4ddc551127f1c1.jpg\" \/>\n\t<meta property=\"og:image:width\" content=\"512\" \/>\n\t<meta property=\"og:image:height\" content=\"465\" \/>\n\t<meta property=\"og:image:type\" content=\"image\/jpeg\" \/>\n<meta name=\"author\" content=\"Marius Leontiuc\" \/>\n<meta name=\"twitter:card\" content=\"summary_large_image\" \/>\n<meta name=\"twitter:label1\" content=\"Verfasst von\" \/>\n\t<meta name=\"twitter:data1\" content=\"Marius Leontiuc\" \/>\n<script type=\"application\/ld+json\" class=\"yoast-schema-graph\">{\"@context\":\"https:\/\/schema.org\",\"@graph\":[{\"@type\":\"WebPage\",\"@id\":\"https:\/\/www.euro-tv.ro\/nachrichten\/2015\/01\/09\/politik-und-religion-rufen-zu-demos-gegen-hass-auf\/\",\"url\":\"https:\/\/www.euro-tv.ro\/nachrichten\/2015\/01\/09\/politik-und-religion-rufen-zu-demos-gegen-hass-auf\/\",\"name\":\"Politik und Religion rufen zu Demos gegen Hass auf - nachrichten\",\"isPartOf\":{\"@id\":\"https:\/\/www.euro-tv.ro\/nachrichten\/#website\"},\"primaryImageOfPage\":{\"@id\":\"https:\/\/www.euro-tv.ro\/nachrichten\/2015\/01\/09\/politik-und-religion-rufen-zu-demos-gegen-hass-auf\/#primaryimage\"},\"image\":{\"@id\":\"https:\/\/www.euro-tv.ro\/nachrichten\/2015\/01\/09\/politik-und-religion-rufen-zu-demos-gegen-hass-auf\/#primaryimage\"},\"thumbnailUrl\":\"https:\/\/www.euro-tv.ro\/nachrichten\/wp-content\/uploads\/sites\/4\/2015\/01\/931954e7af6b17d9310728b5f9a4ddc551127f1c1.jpg\",\"datePublished\":\"2015-01-09T15:57:44+00:00\",\"dateModified\":\"2015-01-09T15:57:44+00:00\",\"author\":{\"@id\":\"https:\/\/www.euro-tv.ro\/nachrichten\/#\/schema\/person\/d46d4e203eb2f26503fed9dd9d3f53cd\"},\"breadcrumb\":{\"@id\":\"https:\/\/www.euro-tv.ro\/nachrichten\/2015\/01\/09\/politik-und-religion-rufen-zu-demos-gegen-hass-auf\/#breadcrumb\"},\"inLanguage\":\"de-DE\",\"potentialAction\":[{\"@type\":\"ReadAction\",\"target\":[\"https:\/\/www.euro-tv.ro\/nachrichten\/2015\/01\/09\/politik-und-religion-rufen-zu-demos-gegen-hass-auf\/\"]}]},{\"@type\":\"ImageObject\",\"inLanguage\":\"de-DE\",\"@id\":\"https:\/\/www.euro-tv.ro\/nachrichten\/2015\/01\/09\/politik-und-religion-rufen-zu-demos-gegen-hass-auf\/#primaryimage\",\"url\":\"https:\/\/www.euro-tv.ro\/nachrichten\/wp-content\/uploads\/sites\/4\/2015\/01\/931954e7af6b17d9310728b5f9a4ddc551127f1c1.jpg\",\"contentUrl\":\"https:\/\/www.euro-tv.ro\/nachrichten\/wp-content\/uploads\/sites\/4\/2015\/01\/931954e7af6b17d9310728b5f9a4ddc551127f1c1.jpg\",\"width\":512,\"height\":465},{\"@type\":\"BreadcrumbList\",\"@id\":\"https:\/\/www.euro-tv.ro\/nachrichten\/2015\/01\/09\/politik-und-religion-rufen-zu-demos-gegen-hass-auf\/#breadcrumb\",\"itemListElement\":[{\"@type\":\"ListItem\",\"position\":1,\"name\":\"Prima pagin\u0103\",\"item\":\"https:\/\/www.euro-tv.ro\/nachrichten\/\"},{\"@type\":\"ListItem\",\"position\":2,\"name\":\"Politik und Religion rufen zu Demos gegen Hass auf\"}]},{\"@type\":\"WebSite\",\"@id\":\"https:\/\/www.euro-tv.ro\/nachrichten\/#website\",\"url\":\"https:\/\/www.euro-tv.ro\/nachrichten\/\",\"name\":\"nachrichten\",\"description\":\"Euro TV News Agency\",\"potentialAction\":[{\"@type\":\"SearchAction\",\"target\":{\"@type\":\"EntryPoint\",\"urlTemplate\":\"https:\/\/www.euro-tv.ro\/nachrichten\/?s={search_term_string}\"},\"query-input\":{\"@type\":\"PropertyValueSpecification\",\"valueRequired\":true,\"valueName\":\"search_term_string\"}}],\"inLanguage\":\"de-DE\"},{\"@type\":\"Person\",\"@id\":\"https:\/\/www.euro-tv.ro\/nachrichten\/#\/schema\/person\/d46d4e203eb2f26503fed9dd9d3f53cd\",\"name\":\"Marius Leontiuc\",\"image\":{\"@type\":\"ImageObject\",\"inLanguage\":\"de-DE\",\"@id\":\"https:\/\/www.euro-tv.ro\/nachrichten\/#\/schema\/person\/image\/\",\"url\":\"https:\/\/secure.gravatar.com\/avatar\/000d1d03a10c3545cc0a6ef9298e02ce?s=96&d=mm&r=g\",\"contentUrl\":\"https:\/\/secure.gravatar.com\/avatar\/000d1d03a10c3545cc0a6ef9298e02ce?s=96&d=mm&r=g\",\"caption\":\"Marius Leontiuc\"},\"url\":\"https:\/\/www.euro-tv.ro\/nachrichten\/author\/marius-leontiuc\/\"}]}<\/script>\n<!-- \/ Yoast SEO plugin. -->","yoast_head_json":{"title":"Politik und Religion rufen zu Demos gegen Hass auf - nachrichten","robots":{"index":"index","follow":"follow","max-snippet":"max-snippet:-1","max-image-preview":"max-image-preview:large","max-video-preview":"max-video-preview:-1"},"canonical":"https:\/\/www.euro-tv.ro\/nachrichten\/2015\/01\/09\/politik-und-religion-rufen-zu-demos-gegen-hass-auf\/","og_locale":"de_DE","og_type":"article","og_title":"Politik und Religion rufen zu Demos gegen Hass auf - nachrichten","og_description":"&nbsp; Vertreter aus Politik und Religion haben als Reaktion auf den Anschlag in Paris dazu aufgerufen, gegen eine Spaltung der Gesellschaft in Deutschland auf die Stra\u00dfe zu gehen. Mehrere muslimische Verb\u00e4nde wollen am Montag am Brandenburger Tor in Berlin eine Mahnwache abhalten, wie sie in K\u00f6ln mitteilten. Vertreter des Christentums, des Judentums und des Islams [&hellip;]","og_url":"https:\/\/www.euro-tv.ro\/nachrichten\/2015\/01\/09\/politik-und-religion-rufen-zu-demos-gegen-hass-auf\/","og_site_name":"nachrichten","article_published_time":"2015-01-09T15:57:44+00:00","og_image":[{"width":512,"height":465,"url":"https:\/\/www.euro-tv.ro\/nachrichten\/wp-content\/uploads\/sites\/4\/2015\/01\/931954e7af6b17d9310728b5f9a4ddc551127f1c1.jpg","type":"image\/jpeg"}],"author":"Marius Leontiuc","twitter_card":"summary_large_image","twitter_misc":{"Verfasst von":"Marius Leontiuc"},"schema":{"@context":"https:\/\/schema.org","@graph":[{"@type":"WebPage","@id":"https:\/\/www.euro-tv.ro\/nachrichten\/2015\/01\/09\/politik-und-religion-rufen-zu-demos-gegen-hass-auf\/","url":"https:\/\/www.euro-tv.ro\/nachrichten\/2015\/01\/09\/politik-und-religion-rufen-zu-demos-gegen-hass-auf\/","name":"Politik und Religion rufen zu Demos gegen Hass auf - nachrichten","isPartOf":{"@id":"https:\/\/www.euro-tv.ro\/nachrichten\/#website"},"primaryImageOfPage":{"@id":"https:\/\/www.euro-tv.ro\/nachrichten\/2015\/01\/09\/politik-und-religion-rufen-zu-demos-gegen-hass-auf\/#primaryimage"},"image":{"@id":"https:\/\/www.euro-tv.ro\/nachrichten\/2015\/01\/09\/politik-und-religion-rufen-zu-demos-gegen-hass-auf\/#primaryimage"},"thumbnailUrl":"https:\/\/www.euro-tv.ro\/nachrichten\/wp-content\/uploads\/sites\/4\/2015\/01\/931954e7af6b17d9310728b5f9a4ddc551127f1c1.jpg","datePublished":"2015-01-09T15:57:44+00:00","dateModified":"2015-01-09T15:57:44+00:00","author":{"@id":"https:\/\/www.euro-tv.ro\/nachrichten\/#\/schema\/person\/d46d4e203eb2f26503fed9dd9d3f53cd"},"breadcrumb":{"@id":"https:\/\/www.euro-tv.ro\/nachrichten\/2015\/01\/09\/politik-und-religion-rufen-zu-demos-gegen-hass-auf\/#breadcrumb"},"inLanguage":"de-DE","potentialAction":[{"@type":"ReadAction","target":["https:\/\/www.euro-tv.ro\/nachrichten\/2015\/01\/09\/politik-und-religion-rufen-zu-demos-gegen-hass-auf\/"]}]},{"@type":"ImageObject","inLanguage":"de-DE","@id":"https:\/\/www.euro-tv.ro\/nachrichten\/2015\/01\/09\/politik-und-religion-rufen-zu-demos-gegen-hass-auf\/#primaryimage","url":"https:\/\/www.euro-tv.ro\/nachrichten\/wp-content\/uploads\/sites\/4\/2015\/01\/931954e7af6b17d9310728b5f9a4ddc551127f1c1.jpg","contentUrl":"https:\/\/www.euro-tv.ro\/nachrichten\/wp-content\/uploads\/sites\/4\/2015\/01\/931954e7af6b17d9310728b5f9a4ddc551127f1c1.jpg","width":512,"height":465},{"@type":"BreadcrumbList","@id":"https:\/\/www.euro-tv.ro\/nachrichten\/2015\/01\/09\/politik-und-religion-rufen-zu-demos-gegen-hass-auf\/#breadcrumb","itemListElement":[{"@type":"ListItem","position":1,"name":"Prima pagin\u0103","item":"https:\/\/www.euro-tv.ro\/nachrichten\/"},{"@type":"ListItem","position":2,"name":"Politik und Religion rufen zu Demos gegen Hass auf"}]},{"@type":"WebSite","@id":"https:\/\/www.euro-tv.ro\/nachrichten\/#website","url":"https:\/\/www.euro-tv.ro\/nachrichten\/","name":"nachrichten","description":"Euro TV News Agency","potentialAction":[{"@type":"SearchAction","target":{"@type":"EntryPoint","urlTemplate":"https:\/\/www.euro-tv.ro\/nachrichten\/?s={search_term_string}"},"query-input":{"@type":"PropertyValueSpecification","valueRequired":true,"valueName":"search_term_string"}}],"inLanguage":"de-DE"},{"@type":"Person","@id":"https:\/\/www.euro-tv.ro\/nachrichten\/#\/schema\/person\/d46d4e203eb2f26503fed9dd9d3f53cd","name":"Marius Leontiuc","image":{"@type":"ImageObject","inLanguage":"de-DE","@id":"https:\/\/www.euro-tv.ro\/nachrichten\/#\/schema\/person\/image\/","url":"https:\/\/secure.gravatar.com\/avatar\/000d1d03a10c3545cc0a6ef9298e02ce?s=96&d=mm&r=g","contentUrl":"https:\/\/secure.gravatar.com\/avatar\/000d1d03a10c3545cc0a6ef9298e02ce?s=96&d=mm&r=g","caption":"Marius Leontiuc"},"url":"https:\/\/www.euro-tv.ro\/nachrichten\/author\/marius-leontiuc\/"}]}},"jetpack_featured_media_url":"https:\/\/www.euro-tv.ro\/nachrichten\/wp-content\/uploads\/sites\/4\/2015\/01\/931954e7af6b17d9310728b5f9a4ddc551127f1c1.jpg","_links":{"self":[{"href":"https:\/\/www.euro-tv.ro\/nachrichten\/wp-json\/wp\/v2\/posts\/63","targetHints":{"allow":["GET"]}}],"collection":[{"href":"https:\/\/www.euro-tv.ro\/nachrichten\/wp-json\/wp\/v2\/posts"}],"about":[{"href":"https:\/\/www.euro-tv.ro\/nachrichten\/wp-json\/wp\/v2\/types\/post"}],"author":[{"embeddable":true,"href":"https:\/\/www.euro-tv.ro\/nachrichten\/wp-json\/wp\/v2\/users\/1"}],"replies":[{"embeddable":true,"href":"https:\/\/www.euro-tv.ro\/nachrichten\/wp-json\/wp\/v2\/comments?post=63"}],"version-history":[{"count":1,"href":"https:\/\/www.euro-tv.ro\/nachrichten\/wp-json\/wp\/v2\/posts\/63\/revisions"}],"predecessor-version":[{"id":65,"href":"https:\/\/www.euro-tv.ro\/nachrichten\/wp-json\/wp\/v2\/posts\/63\/revisions\/65"}],"wp:featuredmedia":[{"embeddable":true,"href":"https:\/\/www.euro-tv.ro\/nachrichten\/wp-json\/wp\/v2\/media\/64"}],"wp:attachment":[{"href":"https:\/\/www.euro-tv.ro\/nachrichten\/wp-json\/wp\/v2\/media?parent=63"}],"wp:term":[{"taxonomy":"category","embeddable":true,"href":"https:\/\/www.euro-tv.ro\/nachrichten\/wp-json\/wp\/v2\/categories?post=63"},{"taxonomy":"post_tag","embeddable":true,"href":"https:\/\/www.euro-tv.ro\/nachrichten\/wp-json\/wp\/v2\/tags?post=63"}],"curies":[{"name":"wp","href":"https:\/\/api.w.org\/{rel}","templated":true}]}}