{"id":108,"date":"2015-01-10T08:25:49","date_gmt":"2015-01-10T08:25:49","guid":{"rendered":"http:\/\/www.eurotv.ro\/noticias\/2015\/01\/10\/la-torre-eiffel-se\/"},"modified":"2015-01-10T08:25:49","modified_gmt":"2015-01-10T08:25:49","slug":"la-torre-eiffel-se","status":"publish","type":"post","link":"https:\/\/www.euro-tv.ro\/noticias\/2015\/01\/10\/la-torre-eiffel-se\/","title":{"rendered":"La torre Eiffel se"},"content":{"rendered":"<div class=\"wdqs wdqs_link wdqs-link-container\">\n<div border: 2px solid blue;>\n<div class=\"wdqs-thumbnail-container\" style=\"background-color:white; width:180px;\">\n\t\t\t\t\t\t\t\t<a href=\"http:\/\/www.huffingtonpost.es\/2015\/01\/09\/torre-eiffel-charlie-hebd_n_6441158.html?utm_hp_ref=spain\"  target=\"_blank\"><img decoding=\"async\" src=\"http:\/\/www.eurotv.ro\/noticias\/wp-content\/uploads\/sites\/5\/2015\/01\/o-EIFFEL-facebook.jpg\" width=\"450\" \/><\/a><\/p><\/div>\n<\/div>\n<p>&nbsp;<\/p>\n<div class=\"wdqs-text-container\" style=\"border:2px\">\n<p>Dolor y conmoci\u00f3n. La torre Eiffel de Par\u00eds, uno de los monumentos m\u00e1s emblem\u00e1ticos del mundo, apag\u00f3 este jueves por la noche sus luces en muestra de luto por las doce v\u00edctimas del atentado contra la revista &#8230; <\/p>\n<\/p>\n<p>&nbsp;&nbsp;&nbsp;&nbsp;&nbsp;&nbsp;&nbsp;<\/p>\n<p class=\"wdqs-link-to-source\"><a target=\"_blank\"  href=\"http:\/\/www.huffingtonpost.es\/2015\/01\/09\/torre-eiffel-charlie-hebd_n_6441158.html?utm_hp_ref=spain\">http:\/\/www.huffingtonpost.es\/2015\/01\/09\/torre-eiffel-charlie-hebd_n_6441158.html?utm_hp_ref=spain<\/a><\/p>\n<\/p><\/div>\n<div style=\"clear:both\"><\/div>\n<\/div>\n","protected":false},"excerpt":{"rendered":"<p>&nbsp; Dolor y conmoci\u00f3n. La torre Eiffel de Par\u00eds, uno de los monumentos m\u00e1s emblem\u00e1ticos del mundo, apag\u00f3 este jueves por la noche sus luces en muestra de luto por las doce v\u00edctimas del atentado contra la revista &#8230; &nbsp;&nbsp;&nbsp;&nbsp;&nbsp;&nbsp;&nbsp; http:\/\/www.huffingtonpost.es\/2015\/01\/09\/torre-eiffel-charlie-hebd_n_6441158.html?utm_hp_ref=spain<\/p>\n","protected":false},"author":1,"featured_media":109,"comment_status":"open","ping_status":"open","sticky":false,"template":"","format":"standard","meta":{"_bbp_topic_count":0,"_bbp_reply_count":0,"_bbp_total_topic_count":0,"_bbp_total_reply_count":0,"_bbp_voice_count":0,"_bbp_anonymous_reply_count":0,"_bbp_topic_count_hidden":0,"_bbp_reply_count_hidden":0,"_bbp_forum_subforum_count":0,"footnotes":""},"categories":[1],"tags":[193,72,105,192],"class_list":["post-108","post","type-post","status-publish","format-standard","has-post-thumbnail","hentry","category-news","tag-eiffel","tag-la","tag-se","tag-torre"],"yoast_head":"<!-- This site is optimized with the Yoast SEO plugin v24.1 - https:\/\/yoast.com\/wordpress\/plugins\/seo\/ -->\n<title>La torre Eiffel se - noticias<\/title>\n<meta name=\"robots\" content=\"index, follow, max-snippet:-1, max-image-preview:large, max-video-preview:-1\" \/>\n<link rel=\"canonical\" href=\"https:\/\/www.euro-tv.ro\/noticias\/2015\/01\/10\/la-torre-eiffel-se\/\" \/>\n<meta property=\"og:locale\" content=\"ro_RO\" \/>\n<meta property=\"og:type\" content=\"article\" \/>\n<meta property=\"og:title\" content=\"La torre Eiffel se - noticias\" \/>\n<meta property=\"og:description\" content=\"&nbsp; Dolor y conmoci\u00f3n. La torre Eiffel de Par\u00eds, uno de los monumentos m\u00e1s emblem\u00e1ticos del mundo, apag\u00f3 este jueves por la noche sus luces en muestra de luto por las doce v\u00edctimas del atentado contra la revista &#8230; &nbsp;&nbsp;&nbsp;&nbsp;&nbsp;&nbsp;&nbsp; http:\/\/www.huffingtonpost.es\/2015\/01\/09\/torre-eiffel-charlie-hebd_n_6441158.html?utm_hp_ref=spain\" \/>\n<meta property=\"og:url\" content=\"https:\/\/www.euro-tv.ro\/noticias\/2015\/01\/10\/la-torre-eiffel-se\/\" \/>\n<meta property=\"og:site_name\" content=\"noticias\" \/>\n<meta property=\"article:published_time\" content=\"2015-01-10T08:25:49+00:00\" \/>\n<meta property=\"og:image\" content=\"https:\/\/www.euro-tv.ro\/noticias\/wp-content\/uploads\/sites\/5\/2015\/01\/o-EIFFEL-facebook1.jpg\" \/>\n\t<meta property=\"og:image:width\" content=\"2000\" \/>\n\t<meta property=\"og:image:height\" content=\"1000\" \/>\n\t<meta property=\"og:image:type\" content=\"image\/jpeg\" \/>\n<meta name=\"author\" content=\"Marius Leontiuc\" \/>\n<meta name=\"twitter:card\" content=\"summary_large_image\" \/>\n<meta name=\"twitter:label1\" content=\"Scris de\" \/>\n\t<meta name=\"twitter:data1\" content=\"Marius Leontiuc\" \/>\n<script type=\"application\/ld+json\" class=\"yoast-schema-graph\">{\"@context\":\"https:\/\/schema.org\",\"@graph\":[{\"@type\":\"WebPage\",\"@id\":\"https:\/\/www.euro-tv.ro\/noticias\/2015\/01\/10\/la-torre-eiffel-se\/\",\"url\":\"https:\/\/www.euro-tv.ro\/noticias\/2015\/01\/10\/la-torre-eiffel-se\/\",\"name\":\"La torre Eiffel se - noticias\",\"isPartOf\":{\"@id\":\"https:\/\/www.euro-tv.ro\/noticias\/#website\"},\"primaryImageOfPage\":{\"@id\":\"https:\/\/www.euro-tv.ro\/noticias\/2015\/01\/10\/la-torre-eiffel-se\/#primaryimage\"},\"image\":{\"@id\":\"https:\/\/www.euro-tv.ro\/noticias\/2015\/01\/10\/la-torre-eiffel-se\/#primaryimage\"},\"thumbnailUrl\":\"https:\/\/www.euro-tv.ro\/noticias\/wp-content\/uploads\/sites\/5\/2015\/01\/o-EIFFEL-facebook1.jpg\",\"datePublished\":\"2015-01-10T08:25:49+00:00\",\"dateModified\":\"2015-01-10T08:25:49+00:00\",\"author\":{\"@id\":\"https:\/\/www.euro-tv.ro\/noticias\/#\/schema\/person\/d46d4e203eb2f26503fed9dd9d3f53cd\"},\"breadcrumb\":{\"@id\":\"https:\/\/www.euro-tv.ro\/noticias\/2015\/01\/10\/la-torre-eiffel-se\/#breadcrumb\"},\"inLanguage\":\"ro-RO\",\"potentialAction\":[{\"@type\":\"ReadAction\",\"target\":[\"https:\/\/www.euro-tv.ro\/noticias\/2015\/01\/10\/la-torre-eiffel-se\/\"]}]},{\"@type\":\"ImageObject\",\"inLanguage\":\"ro-RO\",\"@id\":\"https:\/\/www.euro-tv.ro\/noticias\/2015\/01\/10\/la-torre-eiffel-se\/#primaryimage\",\"url\":\"https:\/\/www.euro-tv.ro\/noticias\/wp-content\/uploads\/sites\/5\/2015\/01\/o-EIFFEL-facebook1.jpg\",\"contentUrl\":\"https:\/\/www.euro-tv.ro\/noticias\/wp-content\/uploads\/sites\/5\/2015\/01\/o-EIFFEL-facebook1.jpg\",\"width\":2000,\"height\":1000},{\"@type\":\"BreadcrumbList\",\"@id\":\"https:\/\/www.euro-tv.ro\/noticias\/2015\/01\/10\/la-torre-eiffel-se\/#breadcrumb\",\"itemListElement\":[{\"@type\":\"ListItem\",\"position\":1,\"name\":\"Prima pagin\u0103\",\"item\":\"https:\/\/www.euro-tv.ro\/noticias\/\"},{\"@type\":\"ListItem\",\"position\":2,\"name\":\"La torre Eiffel se\"}]},{\"@type\":\"WebSite\",\"@id\":\"https:\/\/www.euro-tv.ro\/noticias\/#website\",\"url\":\"https:\/\/www.euro-tv.ro\/noticias\/\",\"name\":\"noticias\",\"description\":\"EuroTV Noticias\",\"potentialAction\":[{\"@type\":\"SearchAction\",\"target\":{\"@type\":\"EntryPoint\",\"urlTemplate\":\"https:\/\/www.euro-tv.ro\/noticias\/?s={search_term_string}\"},\"query-input\":{\"@type\":\"PropertyValueSpecification\",\"valueRequired\":true,\"valueName\":\"search_term_string\"}}],\"inLanguage\":\"ro-RO\"},{\"@type\":\"Person\",\"@id\":\"https:\/\/www.euro-tv.ro\/noticias\/#\/schema\/person\/d46d4e203eb2f26503fed9dd9d3f53cd\",\"name\":\"Marius Leontiuc\",\"image\":{\"@type\":\"ImageObject\",\"inLanguage\":\"ro-RO\",\"@id\":\"https:\/\/www.euro-tv.ro\/noticias\/#\/schema\/person\/image\/\",\"url\":\"https:\/\/secure.gravatar.com\/avatar\/000d1d03a10c3545cc0a6ef9298e02ce?s=96&d=mm&r=g\",\"contentUrl\":\"https:\/\/secure.gravatar.com\/avatar\/000d1d03a10c3545cc0a6ef9298e02ce?s=96&d=mm&r=g\",\"caption\":\"Marius Leontiuc\"},\"url\":\"https:\/\/www.euro-tv.ro\/noticias\/author\/marius-leontiuc\/\"}]}<\/script>\n<!-- \/ Yoast SEO plugin. -->","yoast_head_json":{"title":"La torre Eiffel se - noticias","robots":{"index":"index","follow":"follow","max-snippet":"max-snippet:-1","max-image-preview":"max-image-preview:large","max-video-preview":"max-video-preview:-1"},"canonical":"https:\/\/www.euro-tv.ro\/noticias\/2015\/01\/10\/la-torre-eiffel-se\/","og_locale":"ro_RO","og_type":"article","og_title":"La torre Eiffel se - noticias","og_description":"&nbsp; Dolor y conmoci\u00f3n. La torre Eiffel de Par\u00eds, uno de los monumentos m\u00e1s emblem\u00e1ticos del mundo, apag\u00f3 este jueves por la noche sus luces en muestra de luto por las doce v\u00edctimas del atentado contra la revista &#8230; &nbsp;&nbsp;&nbsp;&nbsp;&nbsp;&nbsp;&nbsp; http:\/\/www.huffingtonpost.es\/2015\/01\/09\/torre-eiffel-charlie-hebd_n_6441158.html?utm_hp_ref=spain","og_url":"https:\/\/www.euro-tv.ro\/noticias\/2015\/01\/10\/la-torre-eiffel-se\/","og_site_name":"noticias","article_published_time":"2015-01-10T08:25:49+00:00","og_image":[{"width":2000,"height":1000,"url":"https:\/\/www.euro-tv.ro\/noticias\/wp-content\/uploads\/sites\/5\/2015\/01\/o-EIFFEL-facebook1.jpg","type":"image\/jpeg"}],"author":"Marius Leontiuc","twitter_card":"summary_large_image","twitter_misc":{"Scris de":"Marius Leontiuc"},"schema":{"@context":"https:\/\/schema.org","@graph":[{"@type":"WebPage","@id":"https:\/\/www.euro-tv.ro\/noticias\/2015\/01\/10\/la-torre-eiffel-se\/","url":"https:\/\/www.euro-tv.ro\/noticias\/2015\/01\/10\/la-torre-eiffel-se\/","name":"La torre Eiffel se - noticias","isPartOf":{"@id":"https:\/\/www.euro-tv.ro\/noticias\/#website"},"primaryImageOfPage":{"@id":"https:\/\/www.euro-tv.ro\/noticias\/2015\/01\/10\/la-torre-eiffel-se\/#primaryimage"},"image":{"@id":"https:\/\/www.euro-tv.ro\/noticias\/2015\/01\/10\/la-torre-eiffel-se\/#primaryimage"},"thumbnailUrl":"https:\/\/www.euro-tv.ro\/noticias\/wp-content\/uploads\/sites\/5\/2015\/01\/o-EIFFEL-facebook1.jpg","datePublished":"2015-01-10T08:25:49+00:00","dateModified":"2015-01-10T08:25:49+00:00","author":{"@id":"https:\/\/www.euro-tv.ro\/noticias\/#\/schema\/person\/d46d4e203eb2f26503fed9dd9d3f53cd"},"breadcrumb":{"@id":"https:\/\/www.euro-tv.ro\/noticias\/2015\/01\/10\/la-torre-eiffel-se\/#breadcrumb"},"inLanguage":"ro-RO","potentialAction":[{"@type":"ReadAction","target":["https:\/\/www.euro-tv.ro\/noticias\/2015\/01\/10\/la-torre-eiffel-se\/"]}]},{"@type":"ImageObject","inLanguage":"ro-RO","@id":"https:\/\/www.euro-tv.ro\/noticias\/2015\/01\/10\/la-torre-eiffel-se\/#primaryimage","url":"https:\/\/www.euro-tv.ro\/noticias\/wp-content\/uploads\/sites\/5\/2015\/01\/o-EIFFEL-facebook1.jpg","contentUrl":"https:\/\/www.euro-tv.ro\/noticias\/wp-content\/uploads\/sites\/5\/2015\/01\/o-EIFFEL-facebook1.jpg","width":2000,"height":1000},{"@type":"BreadcrumbList","@id":"https:\/\/www.euro-tv.ro\/noticias\/2015\/01\/10\/la-torre-eiffel-se\/#breadcrumb","itemListElement":[{"@type":"ListItem","position":1,"name":"Prima pagin\u0103","item":"https:\/\/www.euro-tv.ro\/noticias\/"},{"@type":"ListItem","position":2,"name":"La torre Eiffel se"}]},{"@type":"WebSite","@id":"https:\/\/www.euro-tv.ro\/noticias\/#website","url":"https:\/\/www.euro-tv.ro\/noticias\/","name":"noticias","description":"EuroTV Noticias","potentialAction":[{"@type":"SearchAction","target":{"@type":"EntryPoint","urlTemplate":"https:\/\/www.euro-tv.ro\/noticias\/?s={search_term_string}"},"query-input":{"@type":"PropertyValueSpecification","valueRequired":true,"valueName":"search_term_string"}}],"inLanguage":"ro-RO"},{"@type":"Person","@id":"https:\/\/www.euro-tv.ro\/noticias\/#\/schema\/person\/d46d4e203eb2f26503fed9dd9d3f53cd","name":"Marius Leontiuc","image":{"@type":"ImageObject","inLanguage":"ro-RO","@id":"https:\/\/www.euro-tv.ro\/noticias\/#\/schema\/person\/image\/","url":"https:\/\/secure.gravatar.com\/avatar\/000d1d03a10c3545cc0a6ef9298e02ce?s=96&d=mm&r=g","contentUrl":"https:\/\/secure.gravatar.com\/avatar\/000d1d03a10c3545cc0a6ef9298e02ce?s=96&d=mm&r=g","caption":"Marius Leontiuc"},"url":"https:\/\/www.euro-tv.ro\/noticias\/author\/marius-leontiuc\/"}]}},"jetpack_featured_media_url":"https:\/\/www.euro-tv.ro\/noticias\/wp-content\/uploads\/sites\/5\/2015\/01\/o-EIFFEL-facebook1.jpg","_links":{"self":[{"href":"https:\/\/www.euro-tv.ro\/noticias\/wp-json\/wp\/v2\/posts\/108","targetHints":{"allow":["GET"]}}],"collection":[{"href":"https:\/\/www.euro-tv.ro\/noticias\/wp-json\/wp\/v2\/posts"}],"about":[{"href":"https:\/\/www.euro-tv.ro\/noticias\/wp-json\/wp\/v2\/types\/post"}],"author":[{"embeddable":true,"href":"https:\/\/www.euro-tv.ro\/noticias\/wp-json\/wp\/v2\/users\/1"}],"replies":[{"embeddable":true,"href":"https:\/\/www.euro-tv.ro\/noticias\/wp-json\/wp\/v2\/comments?post=108"}],"version-history":[{"count":1,"href":"https:\/\/www.euro-tv.ro\/noticias\/wp-json\/wp\/v2\/posts\/108\/revisions"}],"predecessor-version":[{"id":110,"href":"https:\/\/www.euro-tv.ro\/noticias\/wp-json\/wp\/v2\/posts\/108\/revisions\/110"}],"wp:featuredmedia":[{"embeddable":true,"href":"https:\/\/www.euro-tv.ro\/noticias\/wp-json\/wp\/v2\/media\/109"}],"wp:attachment":[{"href":"https:\/\/www.euro-tv.ro\/noticias\/wp-json\/wp\/v2\/media?parent=108"}],"wp:term":[{"taxonomy":"category","embeddable":true,"href":"https:\/\/www.euro-tv.ro\/noticias\/wp-json\/wp\/v2\/categories?post=108"},{"taxonomy":"post_tag","embeddable":true,"href":"https:\/\/www.euro-tv.ro\/noticias\/wp-json\/wp\/v2\/tags?post=108"}],"curies":[{"name":"wp","href":"https:\/\/api.w.org\/{rel}","templated":true}]}}